{"id":495,"date":"2018-01-06T16:10:00","date_gmt":"2018-01-06T19:10:00","guid":{"rendered":"https:\/\/zurbaran.com.ar\/artistas\/agustinvinas\/?p=495"},"modified":"2021-04-09T14:30:52","modified_gmt":"2021-04-09T17:30:52","slug":"este-arte-punta-del-este-uruguay-enero-zurbaran-2018","status":"publish","type":"post","link":"https:\/\/zurbaran.com.ar\/artistas\/agustinvinas\/este-arte-punta-del-este-uruguay-enero-zurbaran-2018\/","title":{"rendered":"Este Arte, Punta del Este, Uruguay, enero, Zurbar\u00e1n. &#8211; 2018"},"content":{"rendered":"\n<figure class=\"wp-block-image size-large\"><img loading=\"lazy\" decoding=\"async\" width=\"1024\" height=\"1024\" src=\"https:\/\/zurbaran.com.ar\/artistas\/agustinvinas\/wp-content\/uploads\/sites\/2\/2021\/02\/Catalogo_Punta_del_Este_2018-1024x1024.jpg\" alt=\"\" class=\"wp-image-493\" srcset=\"https:\/\/zurbaran.com.ar\/artistas\/agustinvinas\/wp-content\/uploads\/sites\/2\/2021\/02\/Catalogo_Punta_del_Este_2018-1024x1024.jpg 1024w, https:\/\/zurbaran.com.ar\/artistas\/agustinvinas\/wp-content\/uploads\/sites\/2\/2021\/02\/Catalogo_Punta_del_Este_2018-300x300.jpg 300w, https:\/\/zurbaran.com.ar\/artistas\/agustinvinas\/wp-content\/uploads\/sites\/2\/2021\/02\/Catalogo_Punta_del_Este_2018-150x150.jpg 150w, https:\/\/zurbaran.com.ar\/artistas\/agustinvinas\/wp-content\/uploads\/sites\/2\/2021\/02\/Catalogo_Punta_del_Este_2018-768x768.jpg 768w, https:\/\/zurbaran.com.ar\/artistas\/agustinvinas\/wp-content\/uploads\/sites\/2\/2021\/02\/Catalogo_Punta_del_Este_2018.jpg 1181w\" sizes=\"(max-width: 1024px) 100vw, 1024px\" \/><\/figure>\n","protected":false},"excerpt":{"rendered":"","protected":false},"author":1,"featured_media":493,"comment_status":"closed","ping_status":"closed","sticky":false,"template":"","format":"standard","meta":{"inline_featured_image":false,"_joinchat":[],"footnotes":""},"categories":[8],"tags":[],"yoast_head":"<!-- This site is optimized with the Yoast SEO plugin v21.0 - https:\/\/yoast.com\/wordpress\/plugins\/seo\/ -->\n<title>Agust\u00edn Vi\u00f1as - Zurbar\u00e1n - Este Arte, Punta del Este, Uruguay, enero, Zurbar\u00e1n. - 2018<\/title>\n<meta name=\"description\" content=\"Agust\u00edn Vi\u00f1as naci\u00f3 el 17 de mayo de 1974. Vive y trabaja en la ciudad de La Plata. Su vocaci\u00f3n art\u00edstica naci\u00f3 a temprana edad, y a los 11 a\u00f1os, en un concurso de pintura infantil, recibe el primero de una larga lista de premios que se suceden hasta hoy. Es Bi\u00f3logo con orientaci\u00f3n en ecolog\u00eda, egresado de la Universidad Nacional de La Plata.\" \/>\n<meta name=\"robots\" content=\"index, follow, max-snippet:-1, max-image-preview:large, max-video-preview:-1\" \/>\n<link rel=\"canonical\" href=\"https:\/\/zurbaran.com.ar\/artistas\/agustinvinas\/este-arte-punta-del-este-uruguay-enero-zurbaran-2018\/\" \/>\n<meta property=\"og:locale\" content=\"es_ES\" \/>\n<meta property=\"og:type\" content=\"article\" \/>\n<meta property=\"og:title\" content=\"Agust\u00edn Vi\u00f1as - Zurbar\u00e1n - Este Arte, Punta del Este, Uruguay, enero, Zurbar\u00e1n. - 2018\" \/>\n<meta property=\"og:description\" content=\"Agust\u00edn Vi\u00f1as naci\u00f3 el 17 de mayo de 1974. Vive y trabaja en la ciudad de La Plata. Su vocaci\u00f3n art\u00edstica naci\u00f3 a temprana edad, y a los 11 a\u00f1os, en un concurso de pintura infantil, recibe el primero de una larga lista de premios que se suceden hasta hoy. Es Bi\u00f3logo con orientaci\u00f3n en ecolog\u00eda, egresado de la Universidad Nacional de La Plata.\" \/>\n<meta property=\"og:url\" content=\"https:\/\/zurbaran.com.ar\/artistas\/agustinvinas\/este-arte-punta-del-este-uruguay-enero-zurbaran-2018\/\" \/>\n<meta property=\"og:site_name\" content=\"Agust\u00edn Vi\u00f1as\" \/>\n<meta property=\"article:published_time\" content=\"2018-01-06T19:10:00+00:00\" \/>\n<meta property=\"article:modified_time\" content=\"2021-04-09T17:30:52+00:00\" \/>\n<meta property=\"og:image\" content=\"https:\/\/zurbaran.com.ar\/artistas\/agustinvinas\/wp-content\/uploads\/sites\/2\/2021\/02\/Catalogo_Punta_del_Este_2018.jpg\" \/>\n\t<meta property=\"og:image:width\" content=\"1181\" \/>\n\t<meta property=\"og:image:height\" content=\"1181\" \/>\n\t<meta property=\"og:image:type\" content=\"image\/jpeg\" \/>\n<meta name=\"author\" content=\"ignacio\" \/>\n<meta name=\"twitter:card\" content=\"summary_large_image\" \/>\n<meta name=\"twitter:label1\" content=\"Escrito por\" \/>\n\t<meta name=\"twitter:data1\" content=\"ignacio\" \/>\n\t<meta name=\"twitter:label2\" content=\"Tiempo de lectura\" \/>\n\t<meta name=\"twitter:data2\" content=\"1 minuto\" \/>\n<script type=\"application\/ld+json\" class=\"yoast-schema-graph\">{\"@context\":\"https:\/\/schema.org\",\"@graph\":[{\"@type\":\"Article\",\"@id\":\"https:\/\/zurbaran.com.ar\/artistas\/agustinvinas\/este-arte-punta-del-este-uruguay-enero-zurbaran-2018\/#article\",\"isPartOf\":{\"@id\":\"https:\/\/zurbaran.com.ar\/artistas\/agustinvinas\/este-arte-punta-del-este-uruguay-enero-zurbaran-2018\/\"},\"author\":{\"name\":\"ignacio\",\"@id\":\"https:\/\/zurbaran.com.ar\/artistas\/agustinvinas\/#\/schema\/person\/065df032655bdbcba7b64316d75ba091\"},\"headline\":\"Este Arte, Punta del Este, Uruguay, enero, Zurbar\u00e1n. &#8211; 2018\",\"datePublished\":\"2018-01-06T19:10:00+00:00\",\"dateModified\":\"2021-04-09T17:30:52+00:00\",\"mainEntityOfPage\":{\"@id\":\"https:\/\/zurbaran.com.ar\/artistas\/agustinvinas\/este-arte-punta-del-este-uruguay-enero-zurbaran-2018\/\"},\"wordCount\":10,\"publisher\":{\"@id\":\"https:\/\/zurbaran.com.ar\/artistas\/agustinvinas\/#organization\"},\"articleSection\":[\"Exposici\u00f3n Colectiva\"],\"inLanguage\":\"es-AR\"},{\"@type\":\"WebPage\",\"@id\":\"https:\/\/zurbaran.com.ar\/artistas\/agustinvinas\/este-arte-punta-del-este-uruguay-enero-zurbaran-2018\/\",\"url\":\"https:\/\/zurbaran.com.ar\/artistas\/agustinvinas\/este-arte-punta-del-este-uruguay-enero-zurbaran-2018\/\",\"name\":\"Agust\u00edn Vi\u00f1as - Zurbar\u00e1n - Este Arte, Punta del Este, Uruguay, enero, Zurbar\u00e1n. - 2018\",\"isPartOf\":{\"@id\":\"https:\/\/zurbaran.com.ar\/artistas\/agustinvinas\/#website\"},\"datePublished\":\"2018-01-06T19:10:00+00:00\",\"dateModified\":\"2021-04-09T17:30:52+00:00\",\"description\":\"Agust\u00edn Vi\u00f1as naci\u00f3 el 17 de mayo de 1974. Vive y trabaja en la ciudad de La Plata. Su vocaci\u00f3n art\u00edstica naci\u00f3 a temprana edad, y a los 11 a\u00f1os, en un concurso de pintura infantil, recibe el primero de una larga lista de premios que se suceden hasta hoy. Es Bi\u00f3logo con orientaci\u00f3n en ecolog\u00eda, egresado de la Universidad Nacional de La Plata.\",\"breadcrumb\":{\"@id\":\"https:\/\/zurbaran.com.ar\/artistas\/agustinvinas\/este-arte-punta-del-este-uruguay-enero-zurbaran-2018\/#breadcrumb\"},\"inLanguage\":\"es-AR\",\"potentialAction\":[{\"@type\":\"ReadAction\",\"target\":[\"https:\/\/zurbaran.com.ar\/artistas\/agustinvinas\/este-arte-punta-del-este-uruguay-enero-zurbaran-2018\/\"]}]},{\"@type\":\"BreadcrumbList\",\"@id\":\"https:\/\/zurbaran.com.ar\/artistas\/agustinvinas\/este-arte-punta-del-este-uruguay-enero-zurbaran-2018\/#breadcrumb\",\"itemListElement\":[{\"@type\":\"ListItem\",\"position\":1,\"name\":\"Inicio\",\"item\":\"https:\/\/zurbaran.com.ar\/artistas\/agustinvinas\/\"},{\"@type\":\"ListItem\",\"position\":2,\"name\":\"Exposici\u00f3n Colectiva\",\"item\":\"https:\/\/zurbaran.com.ar\/artistas\/agustinvinas\/category\/exposicion-colectiva\/\"},{\"@type\":\"ListItem\",\"position\":3,\"name\":\"Este Arte, Punta del Este, Uruguay, enero, Zurbar\u00e1n. &#8211; 2018\"}]},{\"@type\":\"WebSite\",\"@id\":\"https:\/\/zurbaran.com.ar\/artistas\/agustinvinas\/#website\",\"url\":\"https:\/\/zurbaran.com.ar\/artistas\/agustinvinas\/\",\"name\":\"Agust\u00edn Vi\u00f1as\",\"description\":\"Zurbar\u00e1n, El Arte de los Argentinos\",\"publisher\":{\"@id\":\"https:\/\/zurbaran.com.ar\/artistas\/agustinvinas\/#organization\"},\"potentialAction\":[{\"@type\":\"SearchAction\",\"target\":{\"@type\":\"EntryPoint\",\"urlTemplate\":\"https:\/\/zurbaran.com.ar\/artistas\/agustinvinas\/?s={search_term_string}\"},\"query-input\":\"required name=search_term_string\"}],\"inLanguage\":\"es-AR\"},{\"@type\":\"Organization\",\"@id\":\"https:\/\/zurbaran.com.ar\/artistas\/agustinvinas\/#organization\",\"name\":\"Zurbar\u00e1n - Agustin Vi\u00f1as\",\"url\":\"https:\/\/zurbaran.com.ar\/artistas\/agustinvinas\/\",\"logo\":{\"@type\":\"ImageObject\",\"inLanguage\":\"es-AR\",\"@id\":\"https:\/\/zurbaran.com.ar\/artistas\/agustinvinas\/#\/schema\/logo\/image\/\",\"url\":\"https:\/\/zurbaran.com.ar\/artistas\/agustinvinas\/wp-content\/uploads\/sites\/2\/2021\/02\/agustin_vinas-1.jpg\",\"contentUrl\":\"https:\/\/zurbaran.com.ar\/artistas\/agustinvinas\/wp-content\/uploads\/sites\/2\/2021\/02\/agustin_vinas-1.jpg\",\"width\":700,\"height\":467,\"caption\":\"Zurbar\u00e1n - Agustin Vi\u00f1as\"},\"image\":{\"@id\":\"https:\/\/zurbaran.com.ar\/artistas\/agustinvinas\/#\/schema\/logo\/image\/\"}},{\"@type\":\"Person\",\"@id\":\"https:\/\/zurbaran.com.ar\/artistas\/agustinvinas\/#\/schema\/person\/065df032655bdbcba7b64316d75ba091\",\"name\":\"ignacio\",\"sameAs\":[\"https:\/\/zurbaran.com.ar\/artistas\"]}]}<\/script>\n<!-- \/ Yoast SEO plugin. -->","yoast_head_json":{"title":"Agust\u00edn Vi\u00f1as - Zurbar\u00e1n - Este Arte, Punta del Este, Uruguay, enero, Zurbar\u00e1n. - 2018","description":"Agust\u00edn Vi\u00f1as naci\u00f3 el 17 de mayo de 1974. Vive y trabaja en la ciudad de La Plata. Su vocaci\u00f3n art\u00edstica naci\u00f3 a temprana edad, y a los 11 a\u00f1os, en un concurso de pintura infantil, recibe el primero de una larga lista de premios que se suceden hasta hoy. Es Bi\u00f3logo con orientaci\u00f3n en ecolog\u00eda, egresado de la Universidad Nacional de La Plata.","robots":{"index":"index","follow":"follow","max-snippet":"max-snippet:-1","max-image-preview":"max-image-preview:large","max-video-preview":"max-video-preview:-1"},"canonical":"https:\/\/zurbaran.com.ar\/artistas\/agustinvinas\/este-arte-punta-del-este-uruguay-enero-zurbaran-2018\/","og_locale":"es_ES","og_type":"article","og_title":"Agust\u00edn Vi\u00f1as - Zurbar\u00e1n - Este Arte, Punta del Este, Uruguay, enero, Zurbar\u00e1n. - 2018","og_description":"Agust\u00edn Vi\u00f1as naci\u00f3 el 17 de mayo de 1974. Vive y trabaja en la ciudad de La Plata. Su vocaci\u00f3n art\u00edstica naci\u00f3 a temprana edad, y a los 11 a\u00f1os, en un concurso de pintura infantil, recibe el primero de una larga lista de premios que se suceden hasta hoy. Es Bi\u00f3logo con orientaci\u00f3n en ecolog\u00eda, egresado de la Universidad Nacional de La Plata.","og_url":"https:\/\/zurbaran.com.ar\/artistas\/agustinvinas\/este-arte-punta-del-este-uruguay-enero-zurbaran-2018\/","og_site_name":"Agust\u00edn Vi\u00f1as","article_published_time":"2018-01-06T19:10:00+00:00","article_modified_time":"2021-04-09T17:30:52+00:00","og_image":[{"width":1181,"height":1181,"url":"https:\/\/zurbaran.com.ar\/artistas\/agustinvinas\/wp-content\/uploads\/sites\/2\/2021\/02\/Catalogo_Punta_del_Este_2018.jpg","type":"image\/jpeg"}],"author":"ignacio","twitter_card":"summary_large_image","twitter_misc":{"Escrito por":"ignacio","Tiempo de lectura":"1 minuto"},"schema":{"@context":"https:\/\/schema.org","@graph":[{"@type":"Article","@id":"https:\/\/zurbaran.com.ar\/artistas\/agustinvinas\/este-arte-punta-del-este-uruguay-enero-zurbaran-2018\/#article","isPartOf":{"@id":"https:\/\/zurbaran.com.ar\/artistas\/agustinvinas\/este-arte-punta-del-este-uruguay-enero-zurbaran-2018\/"},"author":{"name":"ignacio","@id":"https:\/\/zurbaran.com.ar\/artistas\/agustinvinas\/#\/schema\/person\/065df032655bdbcba7b64316d75ba091"},"headline":"Este Arte, Punta del Este, Uruguay, enero, Zurbar\u00e1n. &#8211; 2018","datePublished":"2018-01-06T19:10:00+00:00","dateModified":"2021-04-09T17:30:52+00:00","mainEntityOfPage":{"@id":"https:\/\/zurbaran.com.ar\/artistas\/agustinvinas\/este-arte-punta-del-este-uruguay-enero-zurbaran-2018\/"},"wordCount":10,"publisher":{"@id":"https:\/\/zurbaran.com.ar\/artistas\/agustinvinas\/#organization"},"articleSection":["Exposici\u00f3n Colectiva"],"inLanguage":"es-AR"},{"@type":"WebPage","@id":"https:\/\/zurbaran.com.ar\/artistas\/agustinvinas\/este-arte-punta-del-este-uruguay-enero-zurbaran-2018\/","url":"https:\/\/zurbaran.com.ar\/artistas\/agustinvinas\/este-arte-punta-del-este-uruguay-enero-zurbaran-2018\/","name":"Agust\u00edn Vi\u00f1as - Zurbar\u00e1n - Este Arte, Punta del Este, Uruguay, enero, Zurbar\u00e1n. - 2018","isPartOf":{"@id":"https:\/\/zurbaran.com.ar\/artistas\/agustinvinas\/#website"},"datePublished":"2018-01-06T19:10:00+00:00","dateModified":"2021-04-09T17:30:52+00:00","description":"Agust\u00edn Vi\u00f1as naci\u00f3 el 17 de mayo de 1974. Vive y trabaja en la ciudad de La Plata. Su vocaci\u00f3n art\u00edstica naci\u00f3 a temprana edad, y a los 11 a\u00f1os, en un concurso de pintura infantil, recibe el primero de una larga lista de premios que se suceden hasta hoy. Es Bi\u00f3logo con orientaci\u00f3n en ecolog\u00eda, egresado de la Universidad Nacional de La Plata.","breadcrumb":{"@id":"https:\/\/zurbaran.com.ar\/artistas\/agustinvinas\/este-arte-punta-del-este-uruguay-enero-zurbaran-2018\/#breadcrumb"},"inLanguage":"es-AR","potentialAction":[{"@type":"ReadAction","target":["https:\/\/zurbaran.com.ar\/artistas\/agustinvinas\/este-arte-punta-del-este-uruguay-enero-zurbaran-2018\/"]}]},{"@type":"BreadcrumbList","@id":"https:\/\/zurbaran.com.ar\/artistas\/agustinvinas\/este-arte-punta-del-este-uruguay-enero-zurbaran-2018\/#breadcrumb","itemListElement":[{"@type":"ListItem","position":1,"name":"Inicio","item":"https:\/\/zurbaran.com.ar\/artistas\/agustinvinas\/"},{"@type":"ListItem","position":2,"name":"Exposici\u00f3n Colectiva","item":"https:\/\/zurbaran.com.ar\/artistas\/agustinvinas\/category\/exposicion-colectiva\/"},{"@type":"ListItem","position":3,"name":"Este Arte, Punta del Este, Uruguay, enero, Zurbar\u00e1n. &#8211; 2018"}]},{"@type":"WebSite","@id":"https:\/\/zurbaran.com.ar\/artistas\/agustinvinas\/#website","url":"https:\/\/zurbaran.com.ar\/artistas\/agustinvinas\/","name":"Agust\u00edn Vi\u00f1as","description":"Zurbar\u00e1n, El Arte de los Argentinos","publisher":{"@id":"https:\/\/zurbaran.com.ar\/artistas\/agustinvinas\/#organization"},"potentialAction":[{"@type":"SearchAction","target":{"@type":"EntryPoint","urlTemplate":"https:\/\/zurbaran.com.ar\/artistas\/agustinvinas\/?s={search_term_string}"},"query-input":"required name=search_term_string"}],"inLanguage":"es-AR"},{"@type":"Organization","@id":"https:\/\/zurbaran.com.ar\/artistas\/agustinvinas\/#organization","name":"Zurbar\u00e1n - Agustin Vi\u00f1as","url":"https:\/\/zurbaran.com.ar\/artistas\/agustinvinas\/","logo":{"@type":"ImageObject","inLanguage":"es-AR","@id":"https:\/\/zurbaran.com.ar\/artistas\/agustinvinas\/#\/schema\/logo\/image\/","url":"https:\/\/zurbaran.com.ar\/artistas\/agustinvinas\/wp-content\/uploads\/sites\/2\/2021\/02\/agustin_vinas-1.jpg","contentUrl":"https:\/\/zurbaran.com.ar\/artistas\/agustinvinas\/wp-content\/uploads\/sites\/2\/2021\/02\/agustin_vinas-1.jpg","width":700,"height":467,"caption":"Zurbar\u00e1n - Agustin Vi\u00f1as"},"image":{"@id":"https:\/\/zurbaran.com.ar\/artistas\/agustinvinas\/#\/schema\/logo\/image\/"}},{"@type":"Person","@id":"https:\/\/zurbaran.com.ar\/artistas\/agustinvinas\/#\/schema\/person\/065df032655bdbcba7b64316d75ba091","name":"ignacio","sameAs":["https:\/\/zurbaran.com.ar\/artistas"]}]}},"_links":{"self":[{"href":"https:\/\/zurbaran.com.ar\/artistas\/agustinvinas\/wp-json\/wp\/v2\/posts\/495"}],"collection":[{"href":"https:\/\/zurbaran.com.ar\/artistas\/agustinvinas\/wp-json\/wp\/v2\/posts"}],"about":[{"href":"https:\/\/zurbaran.com.ar\/artistas\/agustinvinas\/wp-json\/wp\/v2\/types\/post"}],"author":[{"embeddable":true,"href":"https:\/\/zurbaran.com.ar\/artistas\/agustinvinas\/wp-json\/wp\/v2\/users\/1"}],"replies":[{"embeddable":true,"href":"https:\/\/zurbaran.com.ar\/artistas\/agustinvinas\/wp-json\/wp\/v2\/comments?post=495"}],"version-history":[{"count":1,"href":"https:\/\/zurbaran.com.ar\/artistas\/agustinvinas\/wp-json\/wp\/v2\/posts\/495\/revisions"}],"predecessor-version":[{"id":496,"href":"https:\/\/zurbaran.com.ar\/artistas\/agustinvinas\/wp-json\/wp\/v2\/posts\/495\/revisions\/496"}],"wp:featuredmedia":[{"embeddable":true,"href":"https:\/\/zurbaran.com.ar\/artistas\/agustinvinas\/wp-json\/wp\/v2\/media\/493"}],"wp:attachment":[{"href":"https:\/\/zurbaran.com.ar\/artistas\/agustinvinas\/wp-json\/wp\/v2\/media?parent=495"}],"wp:term":[{"taxonomy":"category","embeddable":true,"href":"https:\/\/zurbaran.com.ar\/artistas\/agustinvinas\/wp-json\/wp\/v2\/categories?post=495"},{"taxonomy":"post_tag","embeddable":true,"href":"https:\/\/zurbaran.com.ar\/artistas\/agustinvinas\/wp-json\/wp\/v2\/tags?post=495"}],"curies":[{"name":"wp","href":"https:\/\/api.w.org\/{rel}","templated":true}]}}