{"id":439,"date":"2011-02-26T12:53:00","date_gmt":"2011-02-26T15:53:00","guid":{"rendered":"https:\/\/zurbaran.com.ar\/artistas\/agustinvinas\/?p=439"},"modified":"2021-02-26T12:54:35","modified_gmt":"2021-02-26T15:54:35","slug":"paraguas-del-cabildo-en-el-bicentenario-paraguas-del-cabildo-en-el-bicentenario-buenos-aires-2011","status":"publish","type":"post","link":"https:\/\/zurbaran.com.ar\/artistas\/agustinvinas\/paraguas-del-cabildo-en-el-bicentenario-paraguas-del-cabildo-en-el-bicentenario-buenos-aires-2011\/","title":{"rendered":"\u201cParaguas del Cabildo en el Bicentenario\u201d Paraguas del Cabildo en el Bicentenario | Buenos Aires &#8211; 2011"},"content":{"rendered":"\n<figure class=\"wp-block-image size-large\"><img loading=\"lazy\" decoding=\"async\" width=\"709\" height=\"674\" src=\"https:\/\/zurbaran.com.ar\/artistas\/agustinvinas\/wp-content\/uploads\/sites\/2\/2021\/02\/nota-paraguas.jpg\" alt=\"\" class=\"wp-image-436\" srcset=\"https:\/\/zurbaran.com.ar\/artistas\/agustinvinas\/wp-content\/uploads\/sites\/2\/2021\/02\/nota-paraguas.jpg 709w, https:\/\/zurbaran.com.ar\/artistas\/agustinvinas\/wp-content\/uploads\/sites\/2\/2021\/02\/nota-paraguas-300x285.jpg 300w, https:\/\/zurbaran.com.ar\/artistas\/agustinvinas\/wp-content\/uploads\/sites\/2\/2021\/02\/nota-paraguas-150x143.jpg 150w\" sizes=\"(max-width: 709px) 100vw, 709px\" \/><\/figure>\n","protected":false},"excerpt":{"rendered":"","protected":false},"author":1,"featured_media":436,"comment_status":"closed","ping_status":"","sticky":false,"template":"","format":"standard","meta":{"inline_featured_image":false,"_joinchat":[],"footnotes":""},"categories":[8],"tags":[],"yoast_head":"<!-- This site is optimized with the Yoast SEO plugin v21.0 - https:\/\/yoast.com\/wordpress\/plugins\/seo\/ -->\n<title>Agust\u00edn Vi\u00f1as - Zurbar\u00e1n - \u201cParaguas del Cabildo en el Bicentenario\u201d Paraguas del Cabildo en el Bicentenario | Buenos Aires - 2011<\/title>\n<meta name=\"description\" content=\"Agust\u00edn Vi\u00f1as naci\u00f3 el 17 de mayo de 1974. Vive y trabaja en la ciudad de La Plata. Su vocaci\u00f3n art\u00edstica naci\u00f3 a temprana edad, y a los 11 a\u00f1os, en un concurso de pintura infantil, recibe el primero de una larga lista de premios que se suceden hasta hoy. Es Bi\u00f3logo con orientaci\u00f3n en ecolog\u00eda, egresado de la Universidad Nacional de La Plata.\" \/>\n<meta name=\"robots\" content=\"index, follow, max-snippet:-1, max-image-preview:large, max-video-preview:-1\" \/>\n<link rel=\"canonical\" href=\"https:\/\/zurbaran.com.ar\/artistas\/agustinvinas\/paraguas-del-cabildo-en-el-bicentenario-paraguas-del-cabildo-en-el-bicentenario-buenos-aires-2011\/\" \/>\n<meta property=\"og:locale\" content=\"es_ES\" \/>\n<meta property=\"og:type\" content=\"article\" \/>\n<meta property=\"og:title\" content=\"Agust\u00edn Vi\u00f1as - Zurbar\u00e1n - \u201cParaguas del Cabildo en el Bicentenario\u201d Paraguas del Cabildo en el Bicentenario | Buenos Aires - 2011\" \/>\n<meta property=\"og:description\" content=\"Agust\u00edn Vi\u00f1as naci\u00f3 el 17 de mayo de 1974. Vive y trabaja en la ciudad de La Plata. Su vocaci\u00f3n art\u00edstica naci\u00f3 a temprana edad, y a los 11 a\u00f1os, en un concurso de pintura infantil, recibe el primero de una larga lista de premios que se suceden hasta hoy. Es Bi\u00f3logo con orientaci\u00f3n en ecolog\u00eda, egresado de la Universidad Nacional de La Plata.\" \/>\n<meta property=\"og:url\" content=\"https:\/\/zurbaran.com.ar\/artistas\/agustinvinas\/paraguas-del-cabildo-en-el-bicentenario-paraguas-del-cabildo-en-el-bicentenario-buenos-aires-2011\/\" \/>\n<meta property=\"og:site_name\" content=\"Agust\u00edn Vi\u00f1as\" \/>\n<meta property=\"article:published_time\" content=\"2011-02-26T15:53:00+00:00\" \/>\n<meta property=\"article:modified_time\" content=\"2021-02-26T15:54:35+00:00\" \/>\n<meta property=\"og:image\" content=\"https:\/\/zurbaran.com.ar\/artistas\/agustinvinas\/wp-content\/uploads\/sites\/2\/2021\/02\/nota-paraguas.jpg\" \/>\n\t<meta property=\"og:image:width\" content=\"709\" \/>\n\t<meta property=\"og:image:height\" content=\"674\" \/>\n\t<meta property=\"og:image:type\" content=\"image\/jpeg\" \/>\n<meta name=\"author\" content=\"ignacio\" \/>\n<meta name=\"twitter:card\" content=\"summary_large_image\" \/>\n<meta name=\"twitter:label1\" content=\"Escrito por\" \/>\n\t<meta name=\"twitter:data1\" content=\"ignacio\" \/>\n<script type=\"application\/ld+json\" class=\"yoast-schema-graph\">{\"@context\":\"https:\/\/schema.org\",\"@graph\":[{\"@type\":\"Article\",\"@id\":\"https:\/\/zurbaran.com.ar\/artistas\/agustinvinas\/paraguas-del-cabildo-en-el-bicentenario-paraguas-del-cabildo-en-el-bicentenario-buenos-aires-2011\/#article\",\"isPartOf\":{\"@id\":\"https:\/\/zurbaran.com.ar\/artistas\/agustinvinas\/paraguas-del-cabildo-en-el-bicentenario-paraguas-del-cabildo-en-el-bicentenario-buenos-aires-2011\/\"},\"author\":{\"name\":\"ignacio\",\"@id\":\"https:\/\/zurbaran.com.ar\/artistas\/agustinvinas\/#\/schema\/person\/065df032655bdbcba7b64316d75ba091\"},\"headline\":\"\u201cParaguas del Cabildo en el Bicentenario\u201d Paraguas del Cabildo en el Bicentenario | Buenos Aires &#8211; 2011\",\"datePublished\":\"2011-02-26T15:53:00+00:00\",\"dateModified\":\"2021-02-26T15:54:35+00:00\",\"mainEntityOfPage\":{\"@id\":\"https:\/\/zurbaran.com.ar\/artistas\/agustinvinas\/paraguas-del-cabildo-en-el-bicentenario-paraguas-del-cabildo-en-el-bicentenario-buenos-aires-2011\/\"},\"wordCount\":15,\"publisher\":{\"@id\":\"https:\/\/zurbaran.com.ar\/artistas\/agustinvinas\/#organization\"},\"articleSection\":[\"Exposici\u00f3n Colectiva\"],\"inLanguage\":\"es-AR\"},{\"@type\":\"WebPage\",\"@id\":\"https:\/\/zurbaran.com.ar\/artistas\/agustinvinas\/paraguas-del-cabildo-en-el-bicentenario-paraguas-del-cabildo-en-el-bicentenario-buenos-aires-2011\/\",\"url\":\"https:\/\/zurbaran.com.ar\/artistas\/agustinvinas\/paraguas-del-cabildo-en-el-bicentenario-paraguas-del-cabildo-en-el-bicentenario-buenos-aires-2011\/\",\"name\":\"Agust\u00edn Vi\u00f1as - Zurbar\u00e1n - \u201cParaguas del Cabildo en el Bicentenario\u201d Paraguas del Cabildo en el Bicentenario | Buenos Aires - 2011\",\"isPartOf\":{\"@id\":\"https:\/\/zurbaran.com.ar\/artistas\/agustinvinas\/#website\"},\"datePublished\":\"2011-02-26T15:53:00+00:00\",\"dateModified\":\"2021-02-26T15:54:35+00:00\",\"description\":\"Agust\u00edn Vi\u00f1as naci\u00f3 el 17 de mayo de 1974. Vive y trabaja en la ciudad de La Plata. Su vocaci\u00f3n art\u00edstica naci\u00f3 a temprana edad, y a los 11 a\u00f1os, en un concurso de pintura infantil, recibe el primero de una larga lista de premios que se suceden hasta hoy. Es Bi\u00f3logo con orientaci\u00f3n en ecolog\u00eda, egresado de la Universidad Nacional de La Plata.\",\"breadcrumb\":{\"@id\":\"https:\/\/zurbaran.com.ar\/artistas\/agustinvinas\/paraguas-del-cabildo-en-el-bicentenario-paraguas-del-cabildo-en-el-bicentenario-buenos-aires-2011\/#breadcrumb\"},\"inLanguage\":\"es-AR\",\"potentialAction\":[{\"@type\":\"ReadAction\",\"target\":[\"https:\/\/zurbaran.com.ar\/artistas\/agustinvinas\/paraguas-del-cabildo-en-el-bicentenario-paraguas-del-cabildo-en-el-bicentenario-buenos-aires-2011\/\"]}]},{\"@type\":\"BreadcrumbList\",\"@id\":\"https:\/\/zurbaran.com.ar\/artistas\/agustinvinas\/paraguas-del-cabildo-en-el-bicentenario-paraguas-del-cabildo-en-el-bicentenario-buenos-aires-2011\/#breadcrumb\",\"itemListElement\":[{\"@type\":\"ListItem\",\"position\":1,\"name\":\"Inicio\",\"item\":\"https:\/\/zurbaran.com.ar\/artistas\/agustinvinas\/\"},{\"@type\":\"ListItem\",\"position\":2,\"name\":\"Exposici\u00f3n Colectiva\",\"item\":\"https:\/\/zurbaran.com.ar\/artistas\/agustinvinas\/category\/exposicion-colectiva\/\"},{\"@type\":\"ListItem\",\"position\":3,\"name\":\"\u201cParaguas del Cabildo en el Bicentenario\u201d Paraguas del Cabildo en el Bicentenario | Buenos Aires &#8211; 2011\"}]},{\"@type\":\"WebSite\",\"@id\":\"https:\/\/zurbaran.com.ar\/artistas\/agustinvinas\/#website\",\"url\":\"https:\/\/zurbaran.com.ar\/artistas\/agustinvinas\/\",\"name\":\"Agust\u00edn Vi\u00f1as\",\"description\":\"Zurbar\u00e1n, El Arte de los Argentinos\",\"publisher\":{\"@id\":\"https:\/\/zurbaran.com.ar\/artistas\/agustinvinas\/#organization\"},\"potentialAction\":[{\"@type\":\"SearchAction\",\"target\":{\"@type\":\"EntryPoint\",\"urlTemplate\":\"https:\/\/zurbaran.com.ar\/artistas\/agustinvinas\/?s={search_term_string}\"},\"query-input\":\"required name=search_term_string\"}],\"inLanguage\":\"es-AR\"},{\"@type\":\"Organization\",\"@id\":\"https:\/\/zurbaran.com.ar\/artistas\/agustinvinas\/#organization\",\"name\":\"Zurbar\u00e1n - Agustin Vi\u00f1as\",\"url\":\"https:\/\/zurbaran.com.ar\/artistas\/agustinvinas\/\",\"logo\":{\"@type\":\"ImageObject\",\"inLanguage\":\"es-AR\",\"@id\":\"https:\/\/zurbaran.com.ar\/artistas\/agustinvinas\/#\/schema\/logo\/image\/\",\"url\":\"https:\/\/zurbaran.com.ar\/artistas\/agustinvinas\/wp-content\/uploads\/sites\/2\/2021\/02\/agustin_vinas-1.jpg\",\"contentUrl\":\"https:\/\/zurbaran.com.ar\/artistas\/agustinvinas\/wp-content\/uploads\/sites\/2\/2021\/02\/agustin_vinas-1.jpg\",\"width\":700,\"height\":467,\"caption\":\"Zurbar\u00e1n - Agustin Vi\u00f1as\"},\"image\":{\"@id\":\"https:\/\/zurbaran.com.ar\/artistas\/agustinvinas\/#\/schema\/logo\/image\/\"}},{\"@type\":\"Person\",\"@id\":\"https:\/\/zurbaran.com.ar\/artistas\/agustinvinas\/#\/schema\/person\/065df032655bdbcba7b64316d75ba091\",\"name\":\"ignacio\",\"sameAs\":[\"https:\/\/zurbaran.com.ar\/artistas\"]}]}<\/script>\n<!-- \/ Yoast SEO plugin. -->","yoast_head_json":{"title":"Agust\u00edn Vi\u00f1as - Zurbar\u00e1n - \u201cParaguas del Cabildo en el Bicentenario\u201d Paraguas del Cabildo en el Bicentenario | Buenos Aires - 2011","description":"Agust\u00edn Vi\u00f1as naci\u00f3 el 17 de mayo de 1974. Vive y trabaja en la ciudad de La Plata. Su vocaci\u00f3n art\u00edstica naci\u00f3 a temprana edad, y a los 11 a\u00f1os, en un concurso de pintura infantil, recibe el primero de una larga lista de premios que se suceden hasta hoy. Es Bi\u00f3logo con orientaci\u00f3n en ecolog\u00eda, egresado de la Universidad Nacional de La Plata.","robots":{"index":"index","follow":"follow","max-snippet":"max-snippet:-1","max-image-preview":"max-image-preview:large","max-video-preview":"max-video-preview:-1"},"canonical":"https:\/\/zurbaran.com.ar\/artistas\/agustinvinas\/paraguas-del-cabildo-en-el-bicentenario-paraguas-del-cabildo-en-el-bicentenario-buenos-aires-2011\/","og_locale":"es_ES","og_type":"article","og_title":"Agust\u00edn Vi\u00f1as - Zurbar\u00e1n - \u201cParaguas del Cabildo en el Bicentenario\u201d Paraguas del Cabildo en el Bicentenario | Buenos Aires - 2011","og_description":"Agust\u00edn Vi\u00f1as naci\u00f3 el 17 de mayo de 1974. Vive y trabaja en la ciudad de La Plata. Su vocaci\u00f3n art\u00edstica naci\u00f3 a temprana edad, y a los 11 a\u00f1os, en un concurso de pintura infantil, recibe el primero de una larga lista de premios que se suceden hasta hoy. Es Bi\u00f3logo con orientaci\u00f3n en ecolog\u00eda, egresado de la Universidad Nacional de La Plata.","og_url":"https:\/\/zurbaran.com.ar\/artistas\/agustinvinas\/paraguas-del-cabildo-en-el-bicentenario-paraguas-del-cabildo-en-el-bicentenario-buenos-aires-2011\/","og_site_name":"Agust\u00edn Vi\u00f1as","article_published_time":"2011-02-26T15:53:00+00:00","article_modified_time":"2021-02-26T15:54:35+00:00","og_image":[{"width":709,"height":674,"url":"https:\/\/zurbaran.com.ar\/artistas\/agustinvinas\/wp-content\/uploads\/sites\/2\/2021\/02\/nota-paraguas.jpg","type":"image\/jpeg"}],"author":"ignacio","twitter_card":"summary_large_image","twitter_misc":{"Escrito por":"ignacio"},"schema":{"@context":"https:\/\/schema.org","@graph":[{"@type":"Article","@id":"https:\/\/zurbaran.com.ar\/artistas\/agustinvinas\/paraguas-del-cabildo-en-el-bicentenario-paraguas-del-cabildo-en-el-bicentenario-buenos-aires-2011\/#article","isPartOf":{"@id":"https:\/\/zurbaran.com.ar\/artistas\/agustinvinas\/paraguas-del-cabildo-en-el-bicentenario-paraguas-del-cabildo-en-el-bicentenario-buenos-aires-2011\/"},"author":{"name":"ignacio","@id":"https:\/\/zurbaran.com.ar\/artistas\/agustinvinas\/#\/schema\/person\/065df032655bdbcba7b64316d75ba091"},"headline":"\u201cParaguas del Cabildo en el Bicentenario\u201d Paraguas del Cabildo en el Bicentenario | Buenos Aires &#8211; 2011","datePublished":"2011-02-26T15:53:00+00:00","dateModified":"2021-02-26T15:54:35+00:00","mainEntityOfPage":{"@id":"https:\/\/zurbaran.com.ar\/artistas\/agustinvinas\/paraguas-del-cabildo-en-el-bicentenario-paraguas-del-cabildo-en-el-bicentenario-buenos-aires-2011\/"},"wordCount":15,"publisher":{"@id":"https:\/\/zurbaran.com.ar\/artistas\/agustinvinas\/#organization"},"articleSection":["Exposici\u00f3n Colectiva"],"inLanguage":"es-AR"},{"@type":"WebPage","@id":"https:\/\/zurbaran.com.ar\/artistas\/agustinvinas\/paraguas-del-cabildo-en-el-bicentenario-paraguas-del-cabildo-en-el-bicentenario-buenos-aires-2011\/","url":"https:\/\/zurbaran.com.ar\/artistas\/agustinvinas\/paraguas-del-cabildo-en-el-bicentenario-paraguas-del-cabildo-en-el-bicentenario-buenos-aires-2011\/","name":"Agust\u00edn Vi\u00f1as - Zurbar\u00e1n - \u201cParaguas del Cabildo en el Bicentenario\u201d Paraguas del Cabildo en el Bicentenario | Buenos Aires - 2011","isPartOf":{"@id":"https:\/\/zurbaran.com.ar\/artistas\/agustinvinas\/#website"},"datePublished":"2011-02-26T15:53:00+00:00","dateModified":"2021-02-26T15:54:35+00:00","description":"Agust\u00edn Vi\u00f1as naci\u00f3 el 17 de mayo de 1974. Vive y trabaja en la ciudad de La Plata. Su vocaci\u00f3n art\u00edstica naci\u00f3 a temprana edad, y a los 11 a\u00f1os, en un concurso de pintura infantil, recibe el primero de una larga lista de premios que se suceden hasta hoy. Es Bi\u00f3logo con orientaci\u00f3n en ecolog\u00eda, egresado de la Universidad Nacional de La Plata.","breadcrumb":{"@id":"https:\/\/zurbaran.com.ar\/artistas\/agustinvinas\/paraguas-del-cabildo-en-el-bicentenario-paraguas-del-cabildo-en-el-bicentenario-buenos-aires-2011\/#breadcrumb"},"inLanguage":"es-AR","potentialAction":[{"@type":"ReadAction","target":["https:\/\/zurbaran.com.ar\/artistas\/agustinvinas\/paraguas-del-cabildo-en-el-bicentenario-paraguas-del-cabildo-en-el-bicentenario-buenos-aires-2011\/"]}]},{"@type":"BreadcrumbList","@id":"https:\/\/zurbaran.com.ar\/artistas\/agustinvinas\/paraguas-del-cabildo-en-el-bicentenario-paraguas-del-cabildo-en-el-bicentenario-buenos-aires-2011\/#breadcrumb","itemListElement":[{"@type":"ListItem","position":1,"name":"Inicio","item":"https:\/\/zurbaran.com.ar\/artistas\/agustinvinas\/"},{"@type":"ListItem","position":2,"name":"Exposici\u00f3n Colectiva","item":"https:\/\/zurbaran.com.ar\/artistas\/agustinvinas\/category\/exposicion-colectiva\/"},{"@type":"ListItem","position":3,"name":"\u201cParaguas del Cabildo en el Bicentenario\u201d Paraguas del Cabildo en el Bicentenario | Buenos Aires &#8211; 2011"}]},{"@type":"WebSite","@id":"https:\/\/zurbaran.com.ar\/artistas\/agustinvinas\/#website","url":"https:\/\/zurbaran.com.ar\/artistas\/agustinvinas\/","name":"Agust\u00edn Vi\u00f1as","description":"Zurbar\u00e1n, El Arte de los Argentinos","publisher":{"@id":"https:\/\/zurbaran.com.ar\/artistas\/agustinvinas\/#organization"},"potentialAction":[{"@type":"SearchAction","target":{"@type":"EntryPoint","urlTemplate":"https:\/\/zurbaran.com.ar\/artistas\/agustinvinas\/?s={search_term_string}"},"query-input":"required name=search_term_string"}],"inLanguage":"es-AR"},{"@type":"Organization","@id":"https:\/\/zurbaran.com.ar\/artistas\/agustinvinas\/#organization","name":"Zurbar\u00e1n - Agustin Vi\u00f1as","url":"https:\/\/zurbaran.com.ar\/artistas\/agustinvinas\/","logo":{"@type":"ImageObject","inLanguage":"es-AR","@id":"https:\/\/zurbaran.com.ar\/artistas\/agustinvinas\/#\/schema\/logo\/image\/","url":"https:\/\/zurbaran.com.ar\/artistas\/agustinvinas\/wp-content\/uploads\/sites\/2\/2021\/02\/agustin_vinas-1.jpg","contentUrl":"https:\/\/zurbaran.com.ar\/artistas\/agustinvinas\/wp-content\/uploads\/sites\/2\/2021\/02\/agustin_vinas-1.jpg","width":700,"height":467,"caption":"Zurbar\u00e1n - Agustin Vi\u00f1as"},"image":{"@id":"https:\/\/zurbaran.com.ar\/artistas\/agustinvinas\/#\/schema\/logo\/image\/"}},{"@type":"Person","@id":"https:\/\/zurbaran.com.ar\/artistas\/agustinvinas\/#\/schema\/person\/065df032655bdbcba7b64316d75ba091","name":"ignacio","sameAs":["https:\/\/zurbaran.com.ar\/artistas"]}]}},"_links":{"self":[{"href":"https:\/\/zurbaran.com.ar\/artistas\/agustinvinas\/wp-json\/wp\/v2\/posts\/439"}],"collection":[{"href":"https:\/\/zurbaran.com.ar\/artistas\/agustinvinas\/wp-json\/wp\/v2\/posts"}],"about":[{"href":"https:\/\/zurbaran.com.ar\/artistas\/agustinvinas\/wp-json\/wp\/v2\/types\/post"}],"author":[{"embeddable":true,"href":"https:\/\/zurbaran.com.ar\/artistas\/agustinvinas\/wp-json\/wp\/v2\/users\/1"}],"replies":[{"embeddable":true,"href":"https:\/\/zurbaran.com.ar\/artistas\/agustinvinas\/wp-json\/wp\/v2\/comments?post=439"}],"version-history":[{"count":1,"href":"https:\/\/zurbaran.com.ar\/artistas\/agustinvinas\/wp-json\/wp\/v2\/posts\/439\/revisions"}],"predecessor-version":[{"id":440,"href":"https:\/\/zurbaran.com.ar\/artistas\/agustinvinas\/wp-json\/wp\/v2\/posts\/439\/revisions\/440"}],"wp:featuredmedia":[{"embeddable":true,"href":"https:\/\/zurbaran.com.ar\/artistas\/agustinvinas\/wp-json\/wp\/v2\/media\/436"}],"wp:attachment":[{"href":"https:\/\/zurbaran.com.ar\/artistas\/agustinvinas\/wp-json\/wp\/v2\/media?parent=439"}],"wp:term":[{"taxonomy":"category","embeddable":true,"href":"https:\/\/zurbaran.com.ar\/artistas\/agustinvinas\/wp-json\/wp\/v2\/categories?post=439"},{"taxonomy":"post_tag","embeddable":true,"href":"https:\/\/zurbaran.com.ar\/artistas\/agustinvinas\/wp-json\/wp\/v2\/tags?post=439"}],"curies":[{"name":"wp","href":"https:\/\/api.w.org\/{rel}","templated":true}]}}